{"id":238,"date":"2022-02-04T11:00:00","date_gmt":"2022-02-04T15:00:00","guid":{"rendered":"https:\/\/peluambientalista.com\/?p=238"},"modified":"2022-03-15T19:53:28","modified_gmt":"2022-03-15T23:53:28","slug":"dia-mundial-de-los-humedales","status":"publish","type":"post","link":"https:\/\/peluambientalista.com\/?p=238","title":{"rendered":"D\u00eda Mundial de los Humedales"},"content":{"rendered":"\n<h2 class=\"wp-block-heading\" id=\"2-de-febrero-de-2022\">2 de Febrero de 2022<\/h2>\n\n\n\n<figure class=\"wp-block-image size-large is-style-default\"><img loading=\"lazy\" decoding=\"async\" width=\"1024\" height=\"683\" src=\"https:\/\/peluambientalista.com\/wp-content\/uploads\/2022\/02\/james-park-4yWtGCiUdjg-unsplash-1024x683.jpg\" alt=\"\" class=\"wp-image-239\" srcset=\"https:\/\/peluambientalista.com\/wp-content\/uploads\/2022\/02\/james-park-4yWtGCiUdjg-unsplash-1024x683.jpg 1024w, https:\/\/peluambientalista.com\/wp-content\/uploads\/2022\/02\/james-park-4yWtGCiUdjg-unsplash-300x200.jpg 300w, https:\/\/peluambientalista.com\/wp-content\/uploads\/2022\/02\/james-park-4yWtGCiUdjg-unsplash-768x512.jpg 768w, https:\/\/peluambientalista.com\/wp-content\/uploads\/2022\/02\/james-park-4yWtGCiUdjg-unsplash-1536x1024.jpg 1536w, https:\/\/peluambientalista.com\/wp-content\/uploads\/2022\/02\/james-park-4yWtGCiUdjg-unsplash-2048x1365.jpg 2048w, https:\/\/peluambientalista.com\/wp-content\/uploads\/2022\/02\/james-park-4yWtGCiUdjg-unsplash-850x567.jpg 850w\" sizes=\"auto, (max-width: 1024px) 100vw, 1024px\" \/><figcaption>Photo by&nbsp;<a href=\"https:\/\/unsplash.com\/@emerphire\" target=\"_blank\" rel=\"noreferrer noopener\">James Par<\/a>k on<a href=\"http:\/\/unsplash.com\/\">&nbsp;Unsplash<\/a><\/figcaption><\/figure>\n\n\n\n<h3 class=\"wp-block-heading\" id=\"dia-mundial-de-los-humedales\">D\u00eda Mundial de los Humedales<\/h3>\n\n\n\n<div class=\"wp-block-columns is-layout-flex wp-container-core-columns-is-layout-9d6595d7 wp-block-columns-is-layout-flex\">\n<div class=\"wp-block-column is-layout-flow wp-block-column-is-layout-flow\">\n<p>El d\u00eda mundial de los humedales se estableci\u00f3 tras la celebraci\u00f3n de la Convenci\u00f3n de Ramsar celebrado por las Naciones Unidas el 2 de Febrero de 1971. El prop\u00f3sito del d\u00eda mundial de los humedales es resaltar el rol importante que estos ecosistemas juegan en los cuerpos de agua, la biodiversidad y la salud.<\/p>\n<\/div>\n<\/div>\n\n\n\n<div class=\"wp-block-columns is-layout-flex wp-container-core-columns-is-layout-9d6595d7 wp-block-columns-is-layout-flex\">\n<div class=\"wp-block-column is-layout-flow wp-block-column-is-layout-flow\">\n<ul class=\"wp-block-list\"><li>Oportunidad anual para levantar conciencia global sobre el valor e importancia de los humedales<\/li><\/ul>\n\n\n\n<p><\/p>\n\n\n\n<ul class=\"wp-block-list\"><li>Momento para celebrar la diversidad de beneficios que brindan los humedales a la naturaleza y las personas<\/li><\/ul>\n\n\n\n<p><\/p>\n\n\n\n<ul class=\"wp-block-list\"><li>Movilizar acci\u00f3n Local, Nacional e Internacional para salvar y restaurar estos ecosistemas (Brain Blitz Audios, 2021)<\/li><\/ul>\n<\/div>\n<\/div>\n\n\n\n<div class=\"wp-block-columns is-layout-flex wp-container-core-columns-is-layout-9d6595d7 wp-block-columns-is-layout-flex\">\n<div class=\"wp-block-column is-layout-flow wp-block-column-is-layout-flow\">\n<p>Este a\u00f1o se celebra la primera vez como D\u00eda Internacional de los Humedales por las Naciones Unidas. El enfoque de este a\u00f1o es hacer un llamado a las naciones, a las comunidades, y a los l\u00edderes pol\u00edticos para invertir TIEMPO, DINERO y ACCIONES para salvar y evitar la p\u00e9rdida de estos ecosistemas (Ramsar, 2022), (UN EP, 2022).<\/p>\n<\/div>\n<\/div>\n\n\n\n<figure class=\"wp-block-image size-large\"><a href=\"https:\/\/instagram.com\/peluambientalista?utm_medium=copy_link\" target=\"_blank\" rel=\"noopener\"><img loading=\"lazy\" decoding=\"async\" width=\"1024\" height=\"240\" src=\"https:\/\/peluambientalista.com\/wp-content\/uploads\/2022\/02\/Pelu\u0301-1024x240.png\" alt=\"\" class=\"wp-image-300\" srcset=\"https:\/\/peluambientalista.com\/wp-content\/uploads\/2022\/02\/Pelu\u0301-1024x240.png 1024w, https:\/\/peluambientalista.com\/wp-content\/uploads\/2022\/02\/Pelu\u0301-300x70.png 300w, https:\/\/peluambientalista.com\/wp-content\/uploads\/2022\/02\/Pelu\u0301-768x180.png 768w, https:\/\/peluambientalista.com\/wp-content\/uploads\/2022\/02\/Pelu\u0301-1536x360.png 1536w, https:\/\/peluambientalista.com\/wp-content\/uploads\/2022\/02\/Pelu\u0301-850x199.png 850w, https:\/\/peluambientalista.com\/wp-content\/uploads\/2022\/02\/Pelu\u0301.png 1920w\" sizes=\"auto, (max-width: 1024px) 100vw, 1024px\" \/><\/a><\/figure>\n\n\n\n<hr class=\"wp-block-separator\"\/>\n\n\n\n<h2 class=\"has-text-align-center wp-block-heading\" id=\"que-son-los-humedales\">\u00bfQu\u00e9 son los Humedales?<\/h2>\n\n\n\n<div class=\"wp-block-columns is-layout-flex wp-container-core-columns-is-layout-9d6595d7 wp-block-columns-is-layout-flex\">\n<div class=\"wp-block-column is-layout-flow wp-block-column-is-layout-flow\">\n<p>Son ecosistemas donde predomina el exceso de agua en el suelo. Durante diferentes periodos del a\u00f1o la zona puede estar completamente inundada o levemente seca.<\/p>\n\n\n\n<p>La saturaci\u00f3n de agua determina la composici\u00f3n del suelo y las especies de animales y plantas que las habitan. Cada humedal tendr\u00e1 una variaci\u00f3n abi\u00f3tica y bi\u00f3tica dependiendo la regi\u00f3n. Las siguientes caracter\u00edsticas var\u00edan entre los humedales (US EPA, 2021)<\/p>\n<\/div>\n<\/div>\n\n\n\n<div class=\"wp-block-columns is-layout-flex wp-container-core-columns-is-layout-9d6595d7 wp-block-columns-is-layout-flex\">\n<div class=\"wp-block-column is-layout-flow wp-block-column-is-layout-flow\" style=\"flex-basis:50%\">\n<ul class=\"has-medium-font-size wp-block-list\"><li>Suelo<\/li><li>Hidrolog\u00eda<\/li><li>Topograf\u00eda<\/li><li>Clima<\/li><\/ul>\n<\/div>\n\n\n\n<div class=\"wp-block-column is-layout-flow wp-block-column-is-layout-flow\" style=\"flex-basis:50%\">\n<ul class=\"has-medium-font-size wp-block-list\"><li>Composici\u00f3n<\/li><li>Perturbaci\u00f3n humana<\/li><li>Animales<\/li><li>Vegetaci\u00f3n<\/li><\/ul>\n<\/div>\n<\/div>\n\n\n\n<hr class=\"wp-block-separator\"\/>\n\n\n\n<h2 class=\"has-text-align-center wp-block-heading\" id=\"importancia\">Importancia<\/h2>\n\n\n\n<div class=\"wp-block-columns is-layout-flex wp-container-core-columns-is-layout-9d6595d7 wp-block-columns-is-layout-flex\">\n<div class=\"wp-block-column is-layout-flow wp-block-column-is-layout-flow\">\n<ul class=\"has-medium-font-size wp-block-list\"><li>Estos ecosistemas sirven de h\u00e1bitat para un gran n\u00famero de especies de flora y fauna<\/li><\/ul>\n\n\n\n<ul class=\"has-medium-font-size wp-block-list\"><li>Representan un 20% de la alimentaci\u00f3n del mundo(Ramsar Convenci\u00f3n sobre los Humedales, 2015)<\/li><li>Sirven como esponjas durante periodos de mucha lluvia (Ramsar Convenci\u00f3n sobre los Humedales, 2015)<\/li><li>Sectores de pesca y acuicultura (Ramsar Convenci\u00f3n sobre los Humedales, 2015)<\/li><\/ul>\n\n\n\n<ul class=\"has-medium-font-size wp-block-list\"><li>Sirven como filtros naturales entre agua dulce y agua salada<\/li><\/ul>\n\n\n\n<ul class=\"has-medium-font-size wp-block-list\" style=\"font-size:5px\"><li>Reducen el impacto de las inundaciones (Ramsar Convenci\u00f3n sobre los Humedales, 2015)<\/li><li>Almacenan agua en tiempos de sequ\u00eda (Ramsar Convenci\u00f3n sobre los Humedales, 2015)<\/li><\/ul>\n\n\n\n<ul class=\"has-medium-font-size wp-block-list\"><li>Ofrecen barreras f\u00edsicas de protecci\u00f3n en contra de desastres naturales<\/li><li>Los mangles y arrecifes disminuyen el impacto de las mareas, maremotos, huracanes y tormentas tropicales (Ramsar Convenci\u00f3n sobre los Humedales, 2015)<\/li><\/ul>\n<\/div>\n\n\n\n<div class=\"wp-block-column is-layout-flow wp-block-column-is-layout-flow\">\n<figure class=\"wp-block-image size-large\"><img loading=\"lazy\" decoding=\"async\" width=\"768\" height=\"1024\" src=\"https:\/\/peluambientalista.com\/wp-content\/uploads\/2022\/02\/muhammadh-saamy-vPhccongZRY-unsplash-768x1024.jpg\" alt=\"\" class=\"wp-image-244\" srcset=\"https:\/\/peluambientalista.com\/wp-content\/uploads\/2022\/02\/muhammadh-saamy-vPhccongZRY-unsplash-768x1024.jpg 768w, https:\/\/peluambientalista.com\/wp-content\/uploads\/2022\/02\/muhammadh-saamy-vPhccongZRY-unsplash-225x300.jpg 225w, https:\/\/peluambientalista.com\/wp-content\/uploads\/2022\/02\/muhammadh-saamy-vPhccongZRY-unsplash-1152x1536.jpg 1152w, https:\/\/peluambientalista.com\/wp-content\/uploads\/2022\/02\/muhammadh-saamy-vPhccongZRY-unsplash-1536x2048.jpg 1536w, https:\/\/peluambientalista.com\/wp-content\/uploads\/2022\/02\/muhammadh-saamy-vPhccongZRY-unsplash-300x400.jpg 300w, https:\/\/peluambientalista.com\/wp-content\/uploads\/2022\/02\/muhammadh-saamy-vPhccongZRY-unsplash-850x1133.jpg 850w, https:\/\/peluambientalista.com\/wp-content\/uploads\/2022\/02\/muhammadh-saamy-vPhccongZRY-unsplash-scaled.jpg 1920w\" sizes=\"auto, (max-width: 768px) 100vw, 768px\" \/><\/figure>\n<\/div>\n<\/div>\n\n\n\n<hr class=\"wp-block-separator\"\/>\n\n\n\n<h2 class=\"has-text-align-center wp-block-heading\" id=\"convencion-de-ramsar\"><a href=\"https:\/\/www.informea.org\/en\/treaties\/ramsar-convention\" target=\"_blank\" rel=\"noreferrer noopener\">Convenci\u00f3n de Ramsar <\/a><\/h2>\n\n\n\n<div class=\"wp-block-columns is-layout-flex wp-container-core-columns-is-layout-9d6595d7 wp-block-columns-is-layout-flex\">\n<div class=\"wp-block-column is-layout-flow wp-block-column-is-layout-flow\">\n<p class=\"has-text-align-center\">La Convenci\u00f3n Relativa a los Humedales de Importancia Internacional, conocida como la Convenci\u00f3n de Ramsar, es un tratado intergubernamental mundial que proporciona el marco para la acci\u00f3n y la cooperaci\u00f3n internacional en pro de la conservaci\u00f3n y el uso racional de los humedales y sus recursos. Es el \u00fanico tratado mundial que se centra en un \u00fanico ecosistema(Ramsar Convenci\u00f3n sobre los Humedales, 2015).<\/p>\n<\/div>\n<\/div>\n\n\n\n<h2 class=\"wp-block-heading\" id=\"definicion-convencion-de-ramsar\"> Definici\u00f3n Convenci\u00f3n de Ramsar<\/h2>\n\n\n\n<div class=\"wp-block-columns is-layout-flex wp-container-core-columns-is-layout-9d6595d7 wp-block-columns-is-layout-flex\">\n<div class=\"wp-block-column is-layout-flow wp-block-column-is-layout-flow\">\n<figure class=\"wp-block-image size-large\"><img loading=\"lazy\" decoding=\"async\" width=\"1024\" height=\"1024\" src=\"https:\/\/peluambientalista.com\/wp-content\/uploads\/2022\/02\/19-1-1024x1024.png\" alt=\"\" class=\"wp-image-271\" srcset=\"https:\/\/peluambientalista.com\/wp-content\/uploads\/2022\/02\/19-1-1024x1024.png 1024w, https:\/\/peluambientalista.com\/wp-content\/uploads\/2022\/02\/19-1-300x300.png 300w, https:\/\/peluambientalista.com\/wp-content\/uploads\/2022\/02\/19-1-150x150.png 150w, https:\/\/peluambientalista.com\/wp-content\/uploads\/2022\/02\/19-1-768x768.png 768w, https:\/\/peluambientalista.com\/wp-content\/uploads\/2022\/02\/19-1-850x850.png 850w, https:\/\/peluambientalista.com\/wp-content\/uploads\/2022\/02\/19-1.png 1080w\" sizes=\"auto, (max-width: 1024px) 100vw, 1024px\" \/><\/figure>\n<\/div>\n\n\n\n<div class=\"wp-block-column is-layout-flow wp-block-column-is-layout-flow\">\n<p>Los Humedales son extensiones marismas, pantanos, turberas o superficies cubiertas de aguas, sean estas de r\u00e9gimen natural o artificial, permanentes o temporales, estancadas o corrientes, dulces o salobre, o saladas; incluye las extensiones de aguas marinas cuya profundidad en marea baja no exceda de seis metros. Podr\u00e1n comprender sus zonas ribere\u00f1as o costeras adyacentes, as\u00ed como las islas o extensiones de agua marina de una profundidad superior a los 6 metros de marea baja, cuando se encuentren dentro del humedal (Ramsar Convention, 1975).<\/p>\n<\/div>\n<\/div>\n\n\n\n<div class=\"wp-block-columns is-layout-flex wp-container-core-columns-is-layout-9d6595d7 wp-block-columns-is-layout-flex\">\n<div class=\"wp-block-column is-layout-flow wp-block-column-is-layout-flow\"><\/div>\n\n\n\n<div class=\"wp-block-column is-layout-flow wp-block-column-is-layout-flow\"><\/div>\n<\/div>\n\n\n\n<h2 class=\"wp-block-heading\" id=\"definicion-del-manual-federal-para-determinacion-de-jurisdiccion-de-1987-del-cuerpo-de-ingenieros\">Definici\u00f3n del Manual Federal para Determinaci\u00f3n de Jurisdicci\u00f3n de 1987 del Cuerpo de Ingenieros<\/h2>\n\n\n\n<div class=\"wp-block-columns is-layout-flex wp-container-core-columns-is-layout-9d6595d7 wp-block-columns-is-layout-flex\">\n<div class=\"wp-block-column is-layout-flow wp-block-column-is-layout-flow\">\n<p>Los Humedales son \u00e1reas transicionales entre sistemas acu\u00e1ticos y sistemas terrestres, frecuentemente invadidas o saturadas por aguas superficiales y subterr\u00e1neas durante un periodo de tiempo suficiente como para que empiecen a haber cambios en el suelo que los capacita para que crezca un tipo de vegetaci\u00f3n especialmente adaptada a vivir en estas condiciones (vegetativa hidrof\u00edtica) (DRNA, 2021).<\/p>\n<\/div>\n\n\n\n<div class=\"wp-block-column is-layout-flow wp-block-column-is-layout-flow\">\n<figure class=\"wp-block-image size-large\"><img loading=\"lazy\" decoding=\"async\" width=\"1024\" height=\"1024\" src=\"https:\/\/peluambientalista.com\/wp-content\/uploads\/2022\/02\/20-1024x1024.png\" alt=\"\" class=\"wp-image-261\" srcset=\"https:\/\/peluambientalista.com\/wp-content\/uploads\/2022\/02\/20-1024x1024.png 1024w, https:\/\/peluambientalista.com\/wp-content\/uploads\/2022\/02\/20-300x300.png 300w, https:\/\/peluambientalista.com\/wp-content\/uploads\/2022\/02\/20-150x150.png 150w, https:\/\/peluambientalista.com\/wp-content\/uploads\/2022\/02\/20-768x768.png 768w, https:\/\/peluambientalista.com\/wp-content\/uploads\/2022\/02\/20-850x850.png 850w, https:\/\/peluambientalista.com\/wp-content\/uploads\/2022\/02\/20.png 1080w\" sizes=\"auto, (max-width: 1024px) 100vw, 1024px\" \/><\/figure>\n<\/div>\n<\/div>\n\n\n\n<div class=\"wp-block-columns is-layout-flex wp-container-core-columns-is-layout-9d6595d7 wp-block-columns-is-layout-flex\">\n<div class=\"wp-block-column is-layout-flow wp-block-column-is-layout-flow\"><\/div>\n<\/div>\n\n\n\n<hr class=\"wp-block-separator\"\/>\n\n\n\n<figure class=\"wp-block-image size-large\"><a href=\"https:\/\/unsplash.com\/photos\/jSgCHNQqEQ4\" target=\"_blank\" rel=\"noopener\"><img loading=\"lazy\" decoding=\"async\" width=\"1024\" height=\"508\" src=\"http:\/\/peluambientalista.com\/wp-content\/uploads\/2022\/02\/mohmed-nazeeh-jSgCHNQqEQ4-unsplash-1-1024x508.jpg\" alt=\"\" class=\"wp-image-245\" srcset=\"https:\/\/peluambientalista.com\/wp-content\/uploads\/2022\/02\/mohmed-nazeeh-jSgCHNQqEQ4-unsplash-1-1024x508.jpg 1024w, https:\/\/peluambientalista.com\/wp-content\/uploads\/2022\/02\/mohmed-nazeeh-jSgCHNQqEQ4-unsplash-1-300x149.jpg 300w, https:\/\/peluambientalista.com\/wp-content\/uploads\/2022\/02\/mohmed-nazeeh-jSgCHNQqEQ4-unsplash-1-768x381.jpg 768w, https:\/\/peluambientalista.com\/wp-content\/uploads\/2022\/02\/mohmed-nazeeh-jSgCHNQqEQ4-unsplash-1-1536x761.jpg 1536w, https:\/\/peluambientalista.com\/wp-content\/uploads\/2022\/02\/mohmed-nazeeh-jSgCHNQqEQ4-unsplash-1-2048x1015.jpg 2048w, https:\/\/peluambientalista.com\/wp-content\/uploads\/2022\/02\/mohmed-nazeeh-jSgCHNQqEQ4-unsplash-1-850x421.jpg 850w\" sizes=\"auto, (max-width: 1024px) 100vw, 1024px\" \/><\/a><figcaption>Photo by&nbsp;<a href=\"https:\/\/unsplash.com\/@nazyhu___\" target=\"_blank\" rel=\"noreferrer noopener\">Mohmed Nazeeh<\/a> on<a href=\"http:\/\/unsplash.com\/\">&nbsp;Unsplash<\/a><\/figcaption><\/figure>\n\n\n\n<h1 class=\"wp-block-heading\" id=\"puerto-rico\">Puerto Rico  <\/h1>\n\n\n\n<h2 class=\"wp-block-heading\" id=\"ley-de-la-reserva-natural-del-cano-o-cienaga-tiburones-y-para-declarar-la-politica-publica-sobre-los-humedales-en-puerto-rico\"><strong>Ley de la Reserva Natural del Ca\u00f1o o Ci\u00e9naga Tiburones y para Declarar la Pol\u00edtica P\u00fablica sobre los Humedales en Puerto Rico<\/strong><\/h2>\n\n\n\n<h3 class=\"wp-block-heading\" id=\"ley-num-314-de-24-de-diciembre-de-1998-segun-enmendada\">Ley N\u00fam. 314 de 24 de diciembre de 1998, seg\u00fan enmendada<\/h3>\n\n\n\n<div class=\"wp-block-columns is-layout-flex wp-container-core-columns-is-layout-9d6595d7 wp-block-columns-is-layout-flex\">\n<div class=\"wp-block-column is-layout-flow wp-block-column-is-layout-flow\">\n<p>Art\u00edculo 3. \u2014 (12 L.P.R.A. \u00a7 5003)<\/p>\n\n\n\n<p>\u201cEl Departamento de Recursos Naturales y Ambientales identificar\u00e1 y delimitar\u00e1 las \u00e1reas anegadas, o que son anegables, pero no lo est\u00e1n por la acci\u00f3n del ser humano, a designarse reservas naturales de acuerdo a la definici\u00f3n de esta Ley y en un t\u00e9rmino no mayor de dos (2) a\u00f1os lo someter\u00e1 a la Junta de Planificaci\u00f3n para su correspondiente designaci\u00f3n. Estas reservas naturales ser\u00e1n administradas y manejadas por el Departamento de Recursos Naturales y Ambientales para cada una de las cuales preparar\u00e1 un plan de manejo.\u201d<\/p>\n<\/div>\n<\/div>\n\n\n\n<div class=\"wp-block-columns is-layout-flex wp-container-core-columns-is-layout-9d6595d7 wp-block-columns-is-layout-flex\">\n<div class=\"wp-block-column is-layout-flow wp-block-column-is-layout-flow\">\n<figure class=\"wp-block-image size-large\"><img loading=\"lazy\" decoding=\"async\" width=\"1024\" height=\"1024\" src=\"https:\/\/peluambientalista.com\/wp-content\/uploads\/2022\/02\/21-1024x1024.png\" alt=\"\" class=\"wp-image-260\" srcset=\"https:\/\/peluambientalista.com\/wp-content\/uploads\/2022\/02\/21-1024x1024.png 1024w, https:\/\/peluambientalista.com\/wp-content\/uploads\/2022\/02\/21-300x300.png 300w, https:\/\/peluambientalista.com\/wp-content\/uploads\/2022\/02\/21-150x150.png 150w, https:\/\/peluambientalista.com\/wp-content\/uploads\/2022\/02\/21-768x768.png 768w, https:\/\/peluambientalista.com\/wp-content\/uploads\/2022\/02\/21-850x850.png 850w, https:\/\/peluambientalista.com\/wp-content\/uploads\/2022\/02\/21.png 1080w\" sizes=\"auto, (max-width: 1024px) 100vw, 1024px\" \/><\/figure>\n<\/div>\n\n\n\n<div class=\"wp-block-column is-layout-flow wp-block-column-is-layout-flow\">\n<p>Art\u00edculo 5. \u2014 (12 L.P.R.A. \u00a7 5005)<\/p>\n\n\n\n<p>Para los efectos de esta Ley el t\u00e9rmino humedal significa un \u00e1rea natural o saturada por aguas superficiales o subterr\u00e1neas a un intervalo y duraci\u00f3n lo suficiente como para sostener y el cual bajo circunstancias normales sostiene o sostendr\u00eda una vegetaci\u00f3n t\u00edpicamente adaptada a condiciones de suelos saturados, inundados o empozados la cual incluye a humedales tales como los pantanos, ci\u00e9nagas, las planicies costeras (salitrales y lodazales), los cuerpos de agua abierta, marismas, o \u00e1reas similares.<\/p>\n<\/div>\n<\/div>\n\n\n\n<hr class=\"wp-block-separator\"\/>\n\n\n\n<h2 class=\"wp-block-heading\" id=\"7-tipos-de-humedales-en-puerto-rico-bautista-rozo-2005\">7 Tipos de humedales en Puerto Rico (Bautista Rozo, 2005)<\/h2>\n\n\n\n<div class=\"wp-block-columns is-layout-flex wp-container-core-columns-is-layout-9d6595d7 wp-block-columns-is-layout-flex\">\n<div class=\"wp-block-column is-layout-flow wp-block-column-is-layout-flow\">\n<ul class=\"wp-block-list\"><li>Acu\u00e1tico de agua dulce<\/li><li>Ci\u00e9nagas de agua dulce<\/li><li>Pantanos de agua dulce<\/li><li>Acu\u00e1tico marino<\/li><\/ul>\n<\/div>\n\n\n\n<div class=\"wp-block-column is-layout-flow wp-block-column-is-layout-flow\">\n<ul class=\"wp-block-list\"><li>Planicies costeras de agua salada<\/li><li>Ci\u00e9nagas de agua salada<\/li><li>Pantanos de agua salada o Manglares<\/li><\/ul>\n<\/div>\n<\/div>\n\n\n\n<div aria-label=\"Carousel Gallery\" class=\"wp-block-coblocks-gallery-carousel alignfull\"><div class=\"coblocks-gallery-carousel-swiper-container is-cropped coblocks-gallery has-caption-style-dark has-no-thumbnails\"><div class=\"has-carousel has-carousel-lrg swiper-container\" data-swiper=\"{&quot;alignCells&quot;:false,&quot;autoPlay&quot;:true,&quot;autoPlaySpeed&quot;:3000,&quot;draggable&quot;:false,&quot;freeScroll&quot;:false,&quot;loop&quot;:false,&quot;navigation&quot;:true,&quot;pageDots&quot;:false,&quot;pauseHover&quot;:true,&quot;responsiveHeight&quot;:false,&quot;slidesPerView&quot;:2,&quot;thumbnails&quot;:false,&quot;uuid&quot;:&quot;12345&quot;}\" id=\"12345\" style=\"height:590px\"><div class=\"swiper-wrapper\"><div class=\"swiper-slide\"><div class=\"coblocks-gallery--item\" role=\"button\" tabindex=\"0\"><figure class=\"coblocks-gallery--figure has-margin-left-mobile-5 has-margin-right-mobile-5\"><img loading=\"lazy\" decoding=\"async\" width=\"575\" height=\"1024\" alt=\"\" class=\"wp-image-275\" data-id=\"275\" data-link=\"https:\/\/peluambientalista.com\/?attachment_id=275\" src=\"https:\/\/peluambientalista.com\/wp-content\/uploads\/2022\/02\/rachel-c-vt5x3WNyyzY-unsplash-575x1024.jpg\" srcset=\"https:\/\/peluambientalista.com\/wp-content\/uploads\/2022\/02\/rachel-c-vt5x3WNyyzY-unsplash-575x1024.jpg 575w, https:\/\/peluambientalista.com\/wp-content\/uploads\/2022\/02\/rachel-c-vt5x3WNyyzY-unsplash-168x300.jpg 168w, https:\/\/peluambientalista.com\/wp-content\/uploads\/2022\/02\/rachel-c-vt5x3WNyyzY-unsplash-768x1368.jpg 768w, https:\/\/peluambientalista.com\/wp-content\/uploads\/2022\/02\/rachel-c-vt5x3WNyyzY-unsplash-863x1536.jpg 863w, https:\/\/peluambientalista.com\/wp-content\/uploads\/2022\/02\/rachel-c-vt5x3WNyyzY-unsplash-1150x2048.jpg 1150w, https:\/\/peluambientalista.com\/wp-content\/uploads\/2022\/02\/rachel-c-vt5x3WNyyzY-unsplash-300x534.jpg 300w, https:\/\/peluambientalista.com\/wp-content\/uploads\/2022\/02\/rachel-c-vt5x3WNyyzY-unsplash-850x1514.jpg 850w, https:\/\/peluambientalista.com\/wp-content\/uploads\/2022\/02\/rachel-c-vt5x3WNyyzY-unsplash-scaled.jpg 1438w\" sizes=\"auto, (max-width: 575px) 100vw, 575px\" \/><\/figure><figcaption class=\"coblocks-gallery--caption coblocks-gallery--primary-caption\"><\/figcaption><\/div><\/div><div class=\"swiper-slide\"><div class=\"coblocks-gallery--item\" role=\"button\" tabindex=\"1\"><figure class=\"coblocks-gallery--figure has-margin-left-mobile-5 has-margin-right-mobile-5\"><img loading=\"lazy\" decoding=\"async\" width=\"768\" height=\"1024\" alt=\"\" class=\"wp-image-276\" data-id=\"276\" data-link=\"https:\/\/peluambientalista.com\/?attachment_id=276\" src=\"https:\/\/peluambientalista.com\/wp-content\/uploads\/2022\/02\/muhammadh-saamy-vPhccongZRY-unsplash-1-768x1024.jpg\" srcset=\"https:\/\/peluambientalista.com\/wp-content\/uploads\/2022\/02\/muhammadh-saamy-vPhccongZRY-unsplash-1-768x1024.jpg 768w, https:\/\/peluambientalista.com\/wp-content\/uploads\/2022\/02\/muhammadh-saamy-vPhccongZRY-unsplash-1-225x300.jpg 225w, https:\/\/peluambientalista.com\/wp-content\/uploads\/2022\/02\/muhammadh-saamy-vPhccongZRY-unsplash-1-1152x1536.jpg 1152w, https:\/\/peluambientalista.com\/wp-content\/uploads\/2022\/02\/muhammadh-saamy-vPhccongZRY-unsplash-1-1536x2048.jpg 1536w, https:\/\/peluambientalista.com\/wp-content\/uploads\/2022\/02\/muhammadh-saamy-vPhccongZRY-unsplash-1-300x400.jpg 300w, https:\/\/peluambientalista.com\/wp-content\/uploads\/2022\/02\/muhammadh-saamy-vPhccongZRY-unsplash-1-850x1133.jpg 850w, https:\/\/peluambientalista.com\/wp-content\/uploads\/2022\/02\/muhammadh-saamy-vPhccongZRY-unsplash-1-scaled.jpg 1920w\" sizes=\"auto, (max-width: 768px) 100vw, 768px\" \/><\/figure><figcaption class=\"coblocks-gallery--caption coblocks-gallery--primary-caption\"><\/figcaption><\/div><\/div><div class=\"swiper-slide\"><div class=\"coblocks-gallery--item\" role=\"button\" tabindex=\"2\"><figure class=\"coblocks-gallery--figure has-margin-left-mobile-5 has-margin-right-mobile-5\"><img loading=\"lazy\" decoding=\"async\" width=\"1024\" height=\"667\" alt=\"\" class=\"wp-image-277\" data-id=\"277\" data-link=\"https:\/\/peluambientalista.com\/?attachment_id=277\" src=\"https:\/\/peluambientalista.com\/wp-content\/uploads\/2022\/02\/n-band-8xUzR05Ijvo-unsplash-1024x667.jpg\" srcset=\"https:\/\/peluambientalista.com\/wp-content\/uploads\/2022\/02\/n-band-8xUzR05Ijvo-unsplash-1024x667.jpg 1024w, https:\/\/peluambientalista.com\/wp-content\/uploads\/2022\/02\/n-band-8xUzR05Ijvo-unsplash-300x195.jpg 300w, https:\/\/peluambientalista.com\/wp-content\/uploads\/2022\/02\/n-band-8xUzR05Ijvo-unsplash-768x500.jpg 768w, https:\/\/peluambientalista.com\/wp-content\/uploads\/2022\/02\/n-band-8xUzR05Ijvo-unsplash-1536x1001.jpg 1536w, https:\/\/peluambientalista.com\/wp-content\/uploads\/2022\/02\/n-band-8xUzR05Ijvo-unsplash-2048x1334.jpg 2048w, https:\/\/peluambientalista.com\/wp-content\/uploads\/2022\/02\/n-band-8xUzR05Ijvo-unsplash-850x554.jpg 850w\" sizes=\"auto, (max-width: 1024px) 100vw, 1024px\" \/><\/figure><figcaption class=\"coblocks-gallery--caption coblocks-gallery--primary-caption\"><\/figcaption><\/div><\/div><div class=\"swiper-slide\"><div class=\"coblocks-gallery--item\" role=\"button\" tabindex=\"3\"><figure class=\"coblocks-gallery--figure has-margin-left-mobile-5 has-margin-right-mobile-5\"><img loading=\"lazy\" decoding=\"async\" width=\"683\" height=\"1024\" alt=\"\" class=\"wp-image-278\" data-id=\"278\" data-link=\"https:\/\/peluambientalista.com\/?attachment_id=278\" src=\"https:\/\/peluambientalista.com\/wp-content\/uploads\/2022\/02\/aldino-hartan-putra-vtvwsA82aJE-unsplash-683x1024.jpg\" srcset=\"https:\/\/peluambientalista.com\/wp-content\/uploads\/2022\/02\/aldino-hartan-putra-vtvwsA82aJE-unsplash-683x1024.jpg 683w, https:\/\/peluambientalista.com\/wp-content\/uploads\/2022\/02\/aldino-hartan-putra-vtvwsA82aJE-unsplash-200x300.jpg 200w, https:\/\/peluambientalista.com\/wp-content\/uploads\/2022\/02\/aldino-hartan-putra-vtvwsA82aJE-unsplash-768x1152.jpg 768w, https:\/\/peluambientalista.com\/wp-content\/uploads\/2022\/02\/aldino-hartan-putra-vtvwsA82aJE-unsplash-1024x1536.jpg 1024w, https:\/\/peluambientalista.com\/wp-content\/uploads\/2022\/02\/aldino-hartan-putra-vtvwsA82aJE-unsplash-1365x2048.jpg 1365w, https:\/\/peluambientalista.com\/wp-content\/uploads\/2022\/02\/aldino-hartan-putra-vtvwsA82aJE-unsplash-300x450.jpg 300w, https:\/\/peluambientalista.com\/wp-content\/uploads\/2022\/02\/aldino-hartan-putra-vtvwsA82aJE-unsplash-850x1275.jpg 850w, https:\/\/peluambientalista.com\/wp-content\/uploads\/2022\/02\/aldino-hartan-putra-vtvwsA82aJE-unsplash-scaled.jpg 1707w\" sizes=\"auto, (max-width: 683px) 100vw, 683px\" \/><\/figure><figcaption class=\"coblocks-gallery--caption coblocks-gallery--primary-caption\"><\/figcaption><\/div><\/div><\/div><button class=\"nav-button__prev\" id=\"12345-prev\"><svg class=\"icon\" style=\"transform:rotate(180deg)\"><\/svg><\/button><button class=\"nav-button__next\" id=\"12345-next\"><svg class=\"icon\"><\/svg><\/button><\/div><\/div><\/div>\n\n\n\n<hr class=\"wp-block-separator\"\/>\n\n\n\n<h2 class=\"has-text-align-center wp-block-heading\" id=\"humedal-punta-tuna-de-maunabo\">Humedal Punta Tuna de Maunabo<\/h2>\n\n\n\n<figure class=\"wp-block-embed aligncenter is-type-video is-provider-youtube wp-block-embed-youtube wp-embed-aspect-16-9 wp-has-aspect-ratio\"><div class=\"wp-block-embed__wrapper\">\n<iframe loading=\"lazy\" title=\"Recorrido Virtual | Humedal Punta Tuna de Maunabo, Puerto Rico #ThisIsMaunabo\" width=\"640\" height=\"360\" src=\"https:\/\/www.youtube.com\/embed\/TpUIEVCCN94?feature=oembed\" frameborder=\"0\" allow=\"accelerometer; autoplay; clipboard-write; encrypted-media; gyroscope; picture-in-picture; web-share\" referrerpolicy=\"strict-origin-when-cross-origin\" allowfullscreen><\/iframe>\n<\/div><figcaption>Recorrido Virtual | Humedal Punta Tuna de Maunabo, Puerto Rico&nbsp;<a href=\"https:\/\/www.youtube.com\/hashtag\/thisismaunabo\">#ThisIsMaunabo<\/a><\/figcaption><\/figure>\n\n\n\n<div class=\"wp-block-coblocks-accordion\">\n<div class=\"wp-block-coblocks-accordion-item\"><details><summary class=\"wp-block-coblocks-accordion-item__title\">Referencias<\/summary><div class=\"wp-block-coblocks-accordion-item__content\" tabindex=\"0\">\n<ul class=\"wp-block-list\" type=\"1\"><li>Bautista Rozo, L. X. (2005). Identificaci\u00f3n de Humedales en Puerto Rico utilizando Im\u00e1genes Multiespectrales. UPRM &#8211; Universidad de Puerto Rico, Recinto de Mayag\u00fcez. http:\/\/gers.uprm.edu\/geol6225\/pdfs\/l_bautista.pdf<\/li><\/ul>\n\n\n\n<ul class=\"wp-block-list\"><li>Brain Blitz Audios. (2021, January 26). <em>World Wetlands Day2022\/Wetlands Action for People and Nature\/Water Wetland and Life\/Restore Wetlands<\/em> [Video]. YouTube. https:\/\/www.youtube.com\/watch?v=sE8IsQ4Bj2Q<\/li><li>Cosmic Hub. (2022, January 26). <em>Recorrido Virtual | Humedal Punta Tuna de Maunabo, Puerto Rico #ThisIsMaunabo<\/em> [Video]. YouTube. https:\/\/www.youtube.com\/watch?v=TpUIEVCCN94<\/li><li>Cordero, A. (2021, February 9). <em>\u00bfSabes qu\u00e9 son los humedales?<\/em> Primera Hora. <a href=\"https:\/\/www.primerahora.com\/estilos-de-vida\/ph-mas-pa-aprender\/notas\/sabes-que-son-los-humedales\/\">https:\/\/www.primerahora.com\/estilos-de-vida\/ph-mas-pa-aprender\/notas\/sabes-que-son-los-humedales\/<\/a><\/li><li>DRNA. (2021, April 7). <em>\u00bfQu\u00e9 son los humedales?<\/em> DRNA Departamento de Recursos Naturales y Ambientales. <a href=\"https:\/\/www.drna.pr.gov\/noticias\/que-son-los-humedales\/\">https:\/\/www.drna.pr.gov\/noticias\/que-son-los-humedales\/<\/a><\/li><\/ul>\n\n\n\n<ul class=\"wp-block-list\"><li>Ley de la Reserva Natural del Ca\u00f1o o Ci\u00e9naga Tiburones y para Declarar la Pol\u00edtica P\u00fablica sobre los Humedales en Puerto Rico 1998, 314 L.P.R.A, 12 \u00a7 (1998) https:\/\/bvirtualogp.pr.gov\/ogp\/Bvirtual\/leyesreferencia\/PDF\/PatriNatural\/314-1998.pdf<\/li><li>Perez, M. (2017, February 2). <em>3 aventuras para celebrar el D\u00eda Mundial de los Humedales en Puerto Rico<\/em>. Para la Naturaleza. https:\/\/www.paralanaturaleza.org\/67797-2\/<\/li><li>Ramsar. (2022). <em>What is World Wetlands Day?<\/em> World Wetlands Day. https:\/\/www.worldwetlandsday.org\/about<\/li><li>Ramsar Convenci\u00f3n sobre los Humedales. (2015, May). <em>La Convenci\u00f3n de Ramsar: \u00bfde qu\u00e9 trata? &#8211; Ficha Informativa<\/em> (No. 6). https:\/\/www.ramsar.org\/sites\/default\/files\/fs_6_ramsar_convention_sp_0.pdf<\/li><\/ul>\n\n\n\n<ul class=\"wp-block-list\"><li>Ramsar Convention. (1975, December 31). <em>Ramsar Convention &#8211; Treaty Preamble<\/em>. InforMea. https:\/\/www.informea.org\/en\/treaties\/ramsar-convention\/text<\/li><li>UN EP. (2022). <em>World Wetlands Day 2022<\/em>. UNEP &#8211; UN Environment Programme. <a href=\"https:\/\/www.unep.org\/events\/un-day\/world-wetlands-day-2022\">https:\/\/www.unep.org\/events\/un-day\/world-wetlands-day-2022<\/a><\/li><li>US EPA. (2021, March 31). What is a Wetland? US EPA Environmental Protection Agency. https:\/\/www.epa.gov\/wetlands\/what-wetland<\/li><\/ul>\n<\/div><\/details><\/div>\n<\/div>\n\n\n\n<p><\/p>\n","protected":false},"excerpt":{"rendered":"<p>El prop\u00f3sito del d\u00eda mundial de los humedales es resaltar el rol importante que estos ecosistemas juegan en los cuerpos de agua, la biodiversidad y la salud.<\/p>\n","protected":false},"author":2,"featured_media":0,"comment_status":"closed","ping_status":"closed","sticky":false,"template":"","format":"standard","meta":{"_coblocks_attr":"","_coblocks_dimensions":"","_coblocks_responsive_height":"","_coblocks_accordion_ie_support":"","footnotes":""},"categories":[1],"tags":[43,44,40,38,37,39,42,34,21,41,45],"class_list":["post-238","post","type-post","status-publish","format-standard","hentry","category-ambiente","tag-agua","tag-biodiversidad","tag-convencionderamsar","tag-diamundialdeloshumedales","tag-humedales","tag-manglares","tag-medioambiente","tag-peluambientalista","tag-puerto-rico","tag-ramsar","tag-restorewetlands"],"yoast_head":"<!-- This site is optimized with the Yoast SEO plugin v27.5 - https:\/\/yoast.com\/product\/yoast-seo-wordpress\/ -->\n<title>D\u00eda Mundial de los Humedales - Pel\u00fa Ambientalista<\/title>\n<meta name=\"robots\" content=\"index, follow, max-snippet:-1, max-image-preview:large, max-video-preview:-1\" \/>\n<link rel=\"canonical\" href=\"http:\/\/peluambientalista.com\/?p=238\" \/>\n<meta property=\"og:locale\" content=\"en_US\" \/>\n<meta property=\"og:type\" content=\"article\" \/>\n<meta property=\"og:title\" content=\"D\u00eda Mundial de los Humedales - Pel\u00fa Ambientalista\" \/>\n<meta property=\"og:description\" content=\"El prop\u00f3sito del d\u00eda mundial de los humedales es resaltar el rol importante que estos ecosistemas juegan en los cuerpos de agua, la biodiversidad y la salud.\" \/>\n<meta property=\"og:url\" content=\"http:\/\/peluambientalista.com\/?p=238\" \/>\n<meta property=\"og:site_name\" content=\"Pel\u00fa Ambientalista\" \/>\n<meta property=\"article:published_time\" content=\"2022-02-04T15:00:00+00:00\" \/>\n<meta property=\"article:modified_time\" content=\"2022-03-15T23:53:28+00:00\" \/>\n<meta property=\"og:image\" content=\"https:\/\/peluambientalista.com\/wp-content\/uploads\/2022\/02\/james-park-4yWtGCiUdjg-unsplash-1024x683.jpg\" \/>\n<meta name=\"author\" content=\"Bryan Torres\" \/>\n<meta name=\"twitter:card\" content=\"summary_large_image\" \/>\n<meta name=\"twitter:label1\" content=\"Written by\" \/>\n\t<meta name=\"twitter:data1\" content=\"Bryan Torres\" \/>\n\t<meta name=\"twitter:label2\" content=\"Est. reading time\" \/>\n\t<meta name=\"twitter:data2\" content=\"7 minutes\" \/>\n<script type=\"application\/ld+json\" class=\"yoast-schema-graph\">{\"@context\":\"https:\\\/\\\/schema.org\",\"@graph\":[{\"@type\":\"Article\",\"@id\":\"http:\\\/\\\/peluambientalista.com\\\/?p=238#article\",\"isPartOf\":{\"@id\":\"http:\\\/\\\/peluambientalista.com\\\/?p=238\"},\"author\":{\"name\":\"Bryan Torres\",\"@id\":\"https:\\\/\\\/peluambientalista.com\\\/#\\\/schema\\\/person\\\/9383eb14e3928caba91cb55c6ecc8094\"},\"headline\":\"D\u00eda Mundial de los Humedales\",\"datePublished\":\"2022-02-04T15:00:00+00:00\",\"dateModified\":\"2022-03-15T23:53:28+00:00\",\"mainEntityOfPage\":{\"@id\":\"http:\\\/\\\/peluambientalista.com\\\/?p=238\"},\"wordCount\":1229,\"image\":{\"@id\":\"http:\\\/\\\/peluambientalista.com\\\/?p=238#primaryimage\"},\"thumbnailUrl\":\"https:\\\/\\\/peluambientalista.com\\\/wp-content\\\/uploads\\\/2022\\\/02\\\/james-park-4yWtGCiUdjg-unsplash-1024x683.jpg\",\"keywords\":[\"agua\",\"biodiversidad\",\"convenci\u00f3nderamsar\",\"d\u00edamundialdeloshumedales\",\"humedales\",\"manglares\",\"medioambiente\",\"Pel\u00faAmbientalista\",\"Puerto Rico\",\"ramsar\",\"restorewetlands\"],\"articleSection\":[\"Ambiente\"],\"inLanguage\":\"en-US\"},{\"@type\":\"WebPage\",\"@id\":\"http:\\\/\\\/peluambientalista.com\\\/?p=238\",\"url\":\"http:\\\/\\\/peluambientalista.com\\\/?p=238\",\"name\":\"D\u00eda Mundial de los Humedales - Pel\u00fa Ambientalista\",\"isPartOf\":{\"@id\":\"https:\\\/\\\/peluambientalista.com\\\/#website\"},\"primaryImageOfPage\":{\"@id\":\"http:\\\/\\\/peluambientalista.com\\\/?p=238#primaryimage\"},\"image\":{\"@id\":\"http:\\\/\\\/peluambientalista.com\\\/?p=238#primaryimage\"},\"thumbnailUrl\":\"https:\\\/\\\/peluambientalista.com\\\/wp-content\\\/uploads\\\/2022\\\/02\\\/james-park-4yWtGCiUdjg-unsplash-1024x683.jpg\",\"datePublished\":\"2022-02-04T15:00:00+00:00\",\"dateModified\":\"2022-03-15T23:53:28+00:00\",\"author\":{\"@id\":\"https:\\\/\\\/peluambientalista.com\\\/#\\\/schema\\\/person\\\/9383eb14e3928caba91cb55c6ecc8094\"},\"breadcrumb\":{\"@id\":\"http:\\\/\\\/peluambientalista.com\\\/?p=238#breadcrumb\"},\"inLanguage\":\"en-US\",\"potentialAction\":[{\"@type\":\"ReadAction\",\"target\":[\"http:\\\/\\\/peluambientalista.com\\\/?p=238\"]}]},{\"@type\":\"ImageObject\",\"inLanguage\":\"en-US\",\"@id\":\"http:\\\/\\\/peluambientalista.com\\\/?p=238#primaryimage\",\"url\":\"https:\\\/\\\/peluambientalista.com\\\/wp-content\\\/uploads\\\/2022\\\/02\\\/james-park-4yWtGCiUdjg-unsplash-scaled.jpg\",\"contentUrl\":\"https:\\\/\\\/peluambientalista.com\\\/wp-content\\\/uploads\\\/2022\\\/02\\\/james-park-4yWtGCiUdjg-unsplash-scaled.jpg\",\"width\":2560,\"height\":1707},{\"@type\":\"BreadcrumbList\",\"@id\":\"http:\\\/\\\/peluambientalista.com\\\/?p=238#breadcrumb\",\"itemListElement\":[{\"@type\":\"ListItem\",\"position\":1,\"name\":\"Home\",\"item\":\"https:\\\/\\\/peluambientalista.com\\\/\"},{\"@type\":\"ListItem\",\"position\":2,\"name\":\"D\u00eda Mundial de los Humedales\"}]},{\"@type\":\"WebSite\",\"@id\":\"https:\\\/\\\/peluambientalista.com\\\/#website\",\"url\":\"https:\\\/\\\/peluambientalista.com\\\/\",\"name\":\"Pel\u00fa Ambientalista\",\"description\":\"\",\"potentialAction\":[{\"@type\":\"SearchAction\",\"target\":{\"@type\":\"EntryPoint\",\"urlTemplate\":\"https:\\\/\\\/peluambientalista.com\\\/?s={search_term_string}\"},\"query-input\":{\"@type\":\"PropertyValueSpecification\",\"valueRequired\":true,\"valueName\":\"search_term_string\"}}],\"inLanguage\":\"en-US\"},{\"@type\":\"Person\",\"@id\":\"https:\\\/\\\/peluambientalista.com\\\/#\\\/schema\\\/person\\\/9383eb14e3928caba91cb55c6ecc8094\",\"name\":\"Bryan Torres\",\"image\":{\"@type\":\"ImageObject\",\"inLanguage\":\"en-US\",\"@id\":\"https:\\\/\\\/secure.gravatar.com\\\/avatar\\\/aade260bbac23ebd9fb2e432b9423b417503441566b862f4763f93a790586df4?s=96&d=mm&r=g\",\"url\":\"https:\\\/\\\/secure.gravatar.com\\\/avatar\\\/aade260bbac23ebd9fb2e432b9423b417503441566b862f4763f93a790586df4?s=96&d=mm&r=g\",\"contentUrl\":\"https:\\\/\\\/secure.gravatar.com\\\/avatar\\\/aade260bbac23ebd9fb2e432b9423b417503441566b862f4763f93a790586df4?s=96&d=mm&r=g\",\"caption\":\"Bryan Torres\"},\"url\":\"https:\\\/\\\/peluambientalista.com\\\/?author=2\"}]}<\/script>\n<!-- \/ Yoast SEO plugin. -->","yoast_head_json":{"title":"D\u00eda Mundial de los Humedales - Pel\u00fa Ambientalista","robots":{"index":"index","follow":"follow","max-snippet":"max-snippet:-1","max-image-preview":"max-image-preview:large","max-video-preview":"max-video-preview:-1"},"canonical":"http:\/\/peluambientalista.com\/?p=238","og_locale":"en_US","og_type":"article","og_title":"D\u00eda Mundial de los Humedales - Pel\u00fa Ambientalista","og_description":"El prop\u00f3sito del d\u00eda mundial de los humedales es resaltar el rol importante que estos ecosistemas juegan en los cuerpos de agua, la biodiversidad y la salud.","og_url":"http:\/\/peluambientalista.com\/?p=238","og_site_name":"Pel\u00fa Ambientalista","article_published_time":"2022-02-04T15:00:00+00:00","article_modified_time":"2022-03-15T23:53:28+00:00","og_image":[{"url":"https:\/\/peluambientalista.com\/wp-content\/uploads\/2022\/02\/james-park-4yWtGCiUdjg-unsplash-1024x683.jpg","type":"","width":"","height":""}],"author":"Bryan Torres","twitter_card":"summary_large_image","twitter_misc":{"Written by":"Bryan Torres","Est. reading time":"7 minutes"},"schema":{"@context":"https:\/\/schema.org","@graph":[{"@type":"Article","@id":"http:\/\/peluambientalista.com\/?p=238#article","isPartOf":{"@id":"http:\/\/peluambientalista.com\/?p=238"},"author":{"name":"Bryan Torres","@id":"https:\/\/peluambientalista.com\/#\/schema\/person\/9383eb14e3928caba91cb55c6ecc8094"},"headline":"D\u00eda Mundial de los Humedales","datePublished":"2022-02-04T15:00:00+00:00","dateModified":"2022-03-15T23:53:28+00:00","mainEntityOfPage":{"@id":"http:\/\/peluambientalista.com\/?p=238"},"wordCount":1229,"image":{"@id":"http:\/\/peluambientalista.com\/?p=238#primaryimage"},"thumbnailUrl":"https:\/\/peluambientalista.com\/wp-content\/uploads\/2022\/02\/james-park-4yWtGCiUdjg-unsplash-1024x683.jpg","keywords":["agua","biodiversidad","convenci\u00f3nderamsar","d\u00edamundialdeloshumedales","humedales","manglares","medioambiente","Pel\u00faAmbientalista","Puerto Rico","ramsar","restorewetlands"],"articleSection":["Ambiente"],"inLanguage":"en-US"},{"@type":"WebPage","@id":"http:\/\/peluambientalista.com\/?p=238","url":"http:\/\/peluambientalista.com\/?p=238","name":"D\u00eda Mundial de los Humedales - Pel\u00fa Ambientalista","isPartOf":{"@id":"https:\/\/peluambientalista.com\/#website"},"primaryImageOfPage":{"@id":"http:\/\/peluambientalista.com\/?p=238#primaryimage"},"image":{"@id":"http:\/\/peluambientalista.com\/?p=238#primaryimage"},"thumbnailUrl":"https:\/\/peluambientalista.com\/wp-content\/uploads\/2022\/02\/james-park-4yWtGCiUdjg-unsplash-1024x683.jpg","datePublished":"2022-02-04T15:00:00+00:00","dateModified":"2022-03-15T23:53:28+00:00","author":{"@id":"https:\/\/peluambientalista.com\/#\/schema\/person\/9383eb14e3928caba91cb55c6ecc8094"},"breadcrumb":{"@id":"http:\/\/peluambientalista.com\/?p=238#breadcrumb"},"inLanguage":"en-US","potentialAction":[{"@type":"ReadAction","target":["http:\/\/peluambientalista.com\/?p=238"]}]},{"@type":"ImageObject","inLanguage":"en-US","@id":"http:\/\/peluambientalista.com\/?p=238#primaryimage","url":"https:\/\/peluambientalista.com\/wp-content\/uploads\/2022\/02\/james-park-4yWtGCiUdjg-unsplash-scaled.jpg","contentUrl":"https:\/\/peluambientalista.com\/wp-content\/uploads\/2022\/02\/james-park-4yWtGCiUdjg-unsplash-scaled.jpg","width":2560,"height":1707},{"@type":"BreadcrumbList","@id":"http:\/\/peluambientalista.com\/?p=238#breadcrumb","itemListElement":[{"@type":"ListItem","position":1,"name":"Home","item":"https:\/\/peluambientalista.com\/"},{"@type":"ListItem","position":2,"name":"D\u00eda Mundial de los Humedales"}]},{"@type":"WebSite","@id":"https:\/\/peluambientalista.com\/#website","url":"https:\/\/peluambientalista.com\/","name":"Pel\u00fa Ambientalista","description":"","potentialAction":[{"@type":"SearchAction","target":{"@type":"EntryPoint","urlTemplate":"https:\/\/peluambientalista.com\/?s={search_term_string}"},"query-input":{"@type":"PropertyValueSpecification","valueRequired":true,"valueName":"search_term_string"}}],"inLanguage":"en-US"},{"@type":"Person","@id":"https:\/\/peluambientalista.com\/#\/schema\/person\/9383eb14e3928caba91cb55c6ecc8094","name":"Bryan Torres","image":{"@type":"ImageObject","inLanguage":"en-US","@id":"https:\/\/secure.gravatar.com\/avatar\/aade260bbac23ebd9fb2e432b9423b417503441566b862f4763f93a790586df4?s=96&d=mm&r=g","url":"https:\/\/secure.gravatar.com\/avatar\/aade260bbac23ebd9fb2e432b9423b417503441566b862f4763f93a790586df4?s=96&d=mm&r=g","contentUrl":"https:\/\/secure.gravatar.com\/avatar\/aade260bbac23ebd9fb2e432b9423b417503441566b862f4763f93a790586df4?s=96&d=mm&r=g","caption":"Bryan Torres"},"url":"https:\/\/peluambientalista.com\/?author=2"}]}},"_links":{"self":[{"href":"https:\/\/peluambientalista.com\/index.php?rest_route=\/wp\/v2\/posts\/238","targetHints":{"allow":["GET"]}}],"collection":[{"href":"https:\/\/peluambientalista.com\/index.php?rest_route=\/wp\/v2\/posts"}],"about":[{"href":"https:\/\/peluambientalista.com\/index.php?rest_route=\/wp\/v2\/types\/post"}],"author":[{"embeddable":true,"href":"https:\/\/peluambientalista.com\/index.php?rest_route=\/wp\/v2\/users\/2"}],"replies":[{"embeddable":true,"href":"https:\/\/peluambientalista.com\/index.php?rest_route=%2Fwp%2Fv2%2Fcomments&post=238"}],"version-history":[{"count":0,"href":"https:\/\/peluambientalista.com\/index.php?rest_route=\/wp\/v2\/posts\/238\/revisions"}],"wp:attachment":[{"href":"https:\/\/peluambientalista.com\/index.php?rest_route=%2Fwp%2Fv2%2Fmedia&parent=238"}],"wp:term":[{"taxonomy":"category","embeddable":true,"href":"https:\/\/peluambientalista.com\/index.php?rest_route=%2Fwp%2Fv2%2Fcategories&post=238"},{"taxonomy":"post_tag","embeddable":true,"href":"https:\/\/peluambientalista.com\/index.php?rest_route=%2Fwp%2Fv2%2Ftags&post=238"}],"curies":[{"name":"wp","href":"https:\/\/api.w.org\/{rel}","templated":true}]}}